{"id":253,"__str__":"PROPOSTA DE EMENDA n\u00ba 3 de 2025 | MAT\u00c9RIA INCLUSA NA ORDEM DO DIA - \u00daNICA VOTA\u00c7\u00c3O | 25/08/2025","link_detail_backend":"/materia/tramitacao/253","metadata":{},"timestamp":"2025-08-25T13:21:59.600159-03:00","data_tramitacao":"2025-08-25","data_encaminhamento":null,"urgente":false,"turno":"U","texto":"","data_fim_prazo":null,"ip":"187.103.196.141","ultima_edicao":"2025-08-25T13:21:59.579891-03:00","status":53,"materia":28,"unidade_tramitacao_local":6,"unidade_tramitacao_destino":5,"user":3}