{"id":247,"__str__":"PROJETO DE DECRETO LEGISLATIVO n\u00ba 2 de 2025 | MAT\u00c9RIA INCLUSA NA ORDEM DO DIA - \u00daNICA VOTA\u00c7\u00c3O | 18/08/2025","link_detail_backend":"/materia/tramitacao/247","metadata":{},"timestamp":"2025-08-20T14:12:30.470529-03:00","data_tramitacao":"2025-08-18","data_encaminhamento":null,"urgente":false,"turno":"U","texto":"","data_fim_prazo":null,"ip":"187.103.196.141","ultima_edicao":"2025-08-20T14:12:16.392346-03:00","status":53,"materia":27,"unidade_tramitacao_local":6,"unidade_tramitacao_destino":5,"user":3}