{"id":186,"__str__":"PROPOSTA DE EMENDA n\u00ba 2 de 2025 | MAT\u00c9RIA INCLUSA NA ORDEM DO DIA - \u00daNICA VOTA\u00c7\u00c3O | 18/07/2025","link_detail_backend":"/materia/tramitacao/186","metadata":{},"timestamp":"2025-07-23T09:34:59.023590-03:00","data_tramitacao":"2025-07-18","data_encaminhamento":null,"urgente":false,"turno":"U","texto":"","data_fim_prazo":null,"ip":"187.103.196.141","ultima_edicao":"2025-07-23T09:34:43.187443-03:00","status":53,"materia":20,"unidade_tramitacao_local":6,"unidade_tramitacao_destino":5,"user":3}