{"id":184,"__str__":"REQUERIMENTO n\u00ba 3 de 2025 | MAT\u00c9RIA INCLUSA NA ORDEM DO DIA - \u00daNICA VOTA\u00c7\u00c3O | 21/07/2025","link_detail_backend":"/materia/tramitacao/184","metadata":{},"timestamp":"2025-07-23T09:32:04.900469-03:00","data_tramitacao":"2025-07-21","data_encaminhamento":null,"urgente":false,"turno":"U","texto":"","data_fim_prazo":null,"ip":"187.103.196.141","ultima_edicao":"2025-07-23T09:31:44.348306-03:00","status":53,"materia":21,"unidade_tramitacao_local":6,"unidade_tramitacao_destino":5,"user":3}