{"id":4,"__str__":"PROJETO DE LEI ORDIN\u00c1RIA n\u00ba 37 de 2025","link_detail_backend":"/materia/4","metadata":{},"numero":37,"ano":2025,"numero_protocolo":null,"data_apresentacao":"2025-05-16","tipo_apresentacao":"","data_publicacao":null,"numero_origem_externa":"","ano_origem_externa":null,"data_origem_externa":null,"apelido":"","dias_prazo":null,"data_fim_prazo":null,"em_tramitacao":false,"polemica":false,"objeto":"","complementar":false,"ementa":"Institui a Semana Municipal do Meio Ambiente e Educa\u00e7\u00e3o Ambiental no Munic\u00edpio de Santa L\u00facia-PR, e d\u00e1 outras provid\u00eancias","indexacao":"","observacao":"","resultado":"","texto_original":"http://sapl.santalucia.pr.leg.br/media/sapl/public/materialegislativa/2025/4/projeto_de_lei_37-2025_-_semana_meio_ambiente_final.pdf","data_ultima_atualizacao":"2025-06-12T09:10:37.113469-03:00","ip":"187.103.196.141","ultima_edicao":"2025-06-03T11:22:09.817552-03:00","tipo":1,"regime_tramitacao":1,"tipo_origem_externa":null,"local_origem_externa":null,"user":3,"anexadas":[],"autores":[16,20,17,24]}