{"id":11,"__str__":"Reuni\u00e3o da Comiss\u00e3o de Educa\u00e7\u00e3o, Cultura, Sa\u00fade e Bem-Estar","link_detail_backend":"/comissao/reuniao/11","metadata":{},"numero":1,"nome":"Reuni\u00e3o da Comiss\u00e3o de Educa\u00e7\u00e3o, Cultura, Sa\u00fade e Bem-Estar","tema":"Projeto de Lei n\u00ba 02, 03, 04, 05, 06 e 07/2026","data":"2026-02-10","hora_inicio":"14:00:00","hora_fim":"15:00:00","local_reuniao":"Sala de Reuni\u00f5es","observacao":"","url_audio":"","url_video":"","upload_pauta":null,"upload_ata":null,"upload_anexo":null,"periodo":1,"comissao":3}